{"id":9069,"date":"2026-04-30T08:34:11","date_gmt":"2026-04-30T06:34:11","guid":{"rendered":"https:\/\/clusterdapizarra.com\/radio-nacional-de-espana-entrevistou-ao-presidente-do-cluster-da-pizarra-de-galicia\/"},"modified":"2026-04-30T09:01:12","modified_gmt":"2026-04-30T07:01:12","slug":"radio-nacional-de-espana-entrevistou-ao-presidente-do-cluster-da-pizarra-de-galicia","status":"publish","type":"post","link":"https:\/\/clusterdapizarra.com\/gl\/radio-nacional-de-espana-entrevistou-ao-presidente-do-cluster-da-pizarra-de-galicia\/","title":{"rendered":"Radio Nacional de Espa\u00f1a entrevistou ao presidente do Cl\u00faster da Pizarra de Galicia"},"content":{"rendered":"<p>A emisora Radio Nacional de Espa\u00f1a informou esta semana sobre as consecuencias que est\u00e1 tendo o conflicto de Oriente Pr\u00f3ximo no sector da pizarra. Para co\u00f1ecer m\u00e1is detalles sobre a crisis que est\u00e1 afectando \u00e1s empresas asociadas, entrevistaron ao presidente do\u00a0Cl\u00faster da Pizarra de Galicia, Eliseo L\u00f3pez.<\/p>\n<p>Podes escoitar a nova \u00edntegra no seguinte enlace:<\/p>\n<audio class=\"wp-audio-shortcode\" id=\"audio-9069-1\" preload=\"none\" style=\"width: 100%;\" controls=\"controls\"><source type=\"audio\/mpeg\" src=\"https:\/\/clusterdapizarra.com\/wp-content\/uploads\/2026\/04\/Audio-RNE-Entrevista-Eliseo.mp3?_=1\" \/><a href=\"https:\/\/clusterdapizarra.com\/wp-content\/uploads\/2026\/04\/Audio-RNE-Entrevista-Eliseo.mp3\">https:\/\/clusterdapizarra.com\/wp-content\/uploads\/2026\/04\/Audio-RNE-Entrevista-Eliseo.mp3<\/a><\/audio>\n<p><img loading=\"lazy\" decoding=\"async\" class=\"size-full wp-image-9061 aligncenter\" src=\"https:\/\/clusterdapizarra.com\/wp-content\/uploads\/2026\/04\/RNE.jpeg\" alt=\"\" width=\"900\" height=\"600\" srcset=\"https:\/\/clusterdapizarra.com\/wp-content\/uploads\/2026\/04\/RNE.jpeg 900w, https:\/\/clusterdapizarra.com\/wp-content\/uploads\/2026\/04\/RNE-768x512.jpeg 768w, https:\/\/clusterdapizarra.com\/wp-content\/uploads\/2026\/04\/RNE-18x12.jpeg 18w\" sizes=\"auto, (max-width: 900px) 100vw, 900px\" \/><\/p>","protected":false},"excerpt":{"rendered":"<p>A emisora Radio Nacional de Espa\u00f1a informou esta semana sobre as consecuencias que est\u00e1 tendo o conflicto de Oriente Pr\u00f3ximo no sector da pizarra. Para co\u00f1ecer m\u00e1is detalles sobre a crisis que est\u00e1 afectando \u00e1s empresas asociadas, entrevistaron ao presidente do\u00a0Cl\u00faster da Pizarra de Galicia, Eliseo L\u00f3pez. Podes escoitar a nova \u00edntegra no seguinte enlace:<\/p>","protected":false},"author":2,"featured_media":9064,"comment_status":"closed","ping_status":"closed","sticky":false,"template":"","format":"standard","meta":{"footnotes":""},"categories":[140],"tags":[],"class_list":["post-9069","post","type-post","status-publish","format-standard","has-post-thumbnail","hentry","category-novas"],"yoast_head":"<!-- This site is optimized with the Yoast SEO plugin v27.3 - https:\/\/yoast.com\/product\/yoast-seo-wordpress\/ -->\n<title>Radio Nacional de Espa\u00f1a entrevistou ao presidente do Cl\u00faster da Pizarra de Galicia<\/title>\n<meta name=\"robots\" content=\"index, follow, max-snippet:-1, max-image-preview:large, max-video-preview:-1\" \/>\n<link rel=\"canonical\" href=\"https:\/\/clusterdapizarra.com\/gl\/radio-nacional-de-espana-entrevistou-ao-presidente-do-cluster-da-pizarra-de-galicia\/\" \/>\n<meta property=\"og:locale\" content=\"gl_ES\" \/>\n<meta property=\"og:type\" content=\"article\" \/>\n<meta property=\"og:title\" content=\"Radio Nacional de Espa\u00f1a entrevistou ao presidente do Cl\u00faster da Pizarra de Galicia\" \/>\n<meta property=\"og:description\" content=\"A emisora Radio Nacional de Espa\u00f1a informou esta semana sobre as consecuencias que est\u00e1 tendo o conflicto de Oriente Pr\u00f3ximo no sector da pizarra. Para co\u00f1ecer m\u00e1is detalles sobre a crisis que est\u00e1 afectando \u00e1s empresas asociadas, entrevistaron ao presidente do\u00a0Cl\u00faster da Pizarra de Galicia, Eliseo L\u00f3pez. Podes escoitar a nova \u00edntegra no seguinte enlace:\" \/>\n<meta property=\"og:url\" content=\"https:\/\/clusterdapizarra.com\/gl\/radio-nacional-de-espana-entrevistou-ao-presidente-do-cluster-da-pizarra-de-galicia\/\" \/>\n<meta property=\"og:site_name\" content=\"Cluster da Pizarra de Galicia\" \/>\n<meta property=\"article:publisher\" content=\"https:\/\/www.facebook.com\/clusterdapizarra\" \/>\n<meta property=\"article:published_time\" content=\"2026-04-30T06:34:11+00:00\" \/>\n<meta property=\"article:modified_time\" content=\"2026-04-30T07:01:12+00:00\" \/>\n<meta property=\"og:image\" content=\"https:\/\/clusterdapizarra.com\/wp-content\/uploads\/2026\/04\/RNE.jpeg\" \/>\n\t<meta property=\"og:image:width\" content=\"900\" \/>\n\t<meta property=\"og:image:height\" content=\"600\" \/>\n\t<meta property=\"og:image:type\" content=\"image\/jpeg\" \/>\n<meta name=\"author\" content=\"jorgeisla\" \/>\n<meta name=\"twitter:card\" content=\"summary_large_image\" \/>\n<meta name=\"twitter:creator\" content=\"@clusterpizarra\" \/>\n<meta name=\"twitter:site\" content=\"@clusterpizarra\" \/>\n<script type=\"application\/ld+json\" class=\"yoast-schema-graph\">{\"@context\":\"https:\\\/\\\/schema.org\",\"@graph\":[{\"@type\":\"Article\",\"@id\":\"https:\\\/\\\/clusterdapizarra.com\\\/gl\\\/radio-nacional-de-espana-entrevistou-ao-presidente-do-cluster-da-pizarra-de-galicia\\\/#article\",\"isPartOf\":{\"@id\":\"https:\\\/\\\/clusterdapizarra.com\\\/gl\\\/radio-nacional-de-espana-entrevistou-ao-presidente-do-cluster-da-pizarra-de-galicia\\\/\"},\"author\":{\"name\":\"jorgeisla\",\"@id\":\"https:\\\/\\\/clusterdapizarra.com\\\/#\\\/schema\\\/person\\\/f432a38e07c8e252cf1e58485368c916\"},\"headline\":\"Radio Nacional de Espa\u00f1a entrevistou ao presidente do Cl\u00faster da Pizarra de Galicia\",\"datePublished\":\"2026-04-30T06:34:11+00:00\",\"dateModified\":\"2026-04-30T07:01:12+00:00\",\"mainEntityOfPage\":{\"@id\":\"https:\\\/\\\/clusterdapizarra.com\\\/gl\\\/radio-nacional-de-espana-entrevistou-ao-presidente-do-cluster-da-pizarra-de-galicia\\\/\"},\"wordCount\":87,\"publisher\":{\"@id\":\"https:\\\/\\\/clusterdapizarra.com\\\/#organization\"},\"image\":{\"@id\":\"https:\\\/\\\/clusterdapizarra.com\\\/gl\\\/radio-nacional-de-espana-entrevistou-ao-presidente-do-cluster-da-pizarra-de-galicia\\\/#primaryimage\"},\"thumbnailUrl\":\"https:\\\/\\\/clusterdapizarra.com\\\/wp-content\\\/uploads\\\/2026\\\/04\\\/RNE.jpeg\",\"articleSection\":[\"Novas\"],\"inLanguage\":\"gl-ES\"},{\"@type\":\"WebPage\",\"@id\":\"https:\\\/\\\/clusterdapizarra.com\\\/gl\\\/radio-nacional-de-espana-entrevistou-ao-presidente-do-cluster-da-pizarra-de-galicia\\\/\",\"url\":\"https:\\\/\\\/clusterdapizarra.com\\\/gl\\\/radio-nacional-de-espana-entrevistou-ao-presidente-do-cluster-da-pizarra-de-galicia\\\/\",\"name\":\"Radio Nacional de Espa\u00f1a entrevistou ao presidente do Cl\u00faster da Pizarra de Galicia\",\"isPartOf\":{\"@id\":\"https:\\\/\\\/clusterdapizarra.com\\\/#website\"},\"primaryImageOfPage\":{\"@id\":\"https:\\\/\\\/clusterdapizarra.com\\\/gl\\\/radio-nacional-de-espana-entrevistou-ao-presidente-do-cluster-da-pizarra-de-galicia\\\/#primaryimage\"},\"image\":{\"@id\":\"https:\\\/\\\/clusterdapizarra.com\\\/gl\\\/radio-nacional-de-espana-entrevistou-ao-presidente-do-cluster-da-pizarra-de-galicia\\\/#primaryimage\"},\"thumbnailUrl\":\"https:\\\/\\\/clusterdapizarra.com\\\/wp-content\\\/uploads\\\/2026\\\/04\\\/RNE.jpeg\",\"datePublished\":\"2026-04-30T06:34:11+00:00\",\"dateModified\":\"2026-04-30T07:01:12+00:00\",\"breadcrumb\":{\"@id\":\"https:\\\/\\\/clusterdapizarra.com\\\/gl\\\/radio-nacional-de-espana-entrevistou-ao-presidente-do-cluster-da-pizarra-de-galicia\\\/#breadcrumb\"},\"inLanguage\":\"gl-ES\",\"potentialAction\":[{\"@type\":\"ReadAction\",\"target\":[\"https:\\\/\\\/clusterdapizarra.com\\\/gl\\\/radio-nacional-de-espana-entrevistou-ao-presidente-do-cluster-da-pizarra-de-galicia\\\/\"]}]},{\"@type\":\"ImageObject\",\"inLanguage\":\"gl-ES\",\"@id\":\"https:\\\/\\\/clusterdapizarra.com\\\/gl\\\/radio-nacional-de-espana-entrevistou-ao-presidente-do-cluster-da-pizarra-de-galicia\\\/#primaryimage\",\"url\":\"https:\\\/\\\/clusterdapizarra.com\\\/wp-content\\\/uploads\\\/2026\\\/04\\\/RNE.jpeg\",\"contentUrl\":\"https:\\\/\\\/clusterdapizarra.com\\\/wp-content\\\/uploads\\\/2026\\\/04\\\/RNE.jpeg\",\"width\":900,\"height\":600},{\"@type\":\"BreadcrumbList\",\"@id\":\"https:\\\/\\\/clusterdapizarra.com\\\/gl\\\/radio-nacional-de-espana-entrevistou-ao-presidente-do-cluster-da-pizarra-de-galicia\\\/#breadcrumb\",\"itemListElement\":[{\"@type\":\"ListItem\",\"position\":1,\"name\":\"Portada\",\"item\":\"https:\\\/\\\/clusterdapizarra.com\\\/gl\\\/\"},{\"@type\":\"ListItem\",\"position\":2,\"name\":\"Radio Nacional de Espa\u00f1a entrevistou ao presidente do Cl\u00faster da Pizarra de Galicia\"}]},{\"@type\":\"WebSite\",\"@id\":\"https:\\\/\\\/clusterdapizarra.com\\\/#website\",\"url\":\"https:\\\/\\\/clusterdapizarra.com\\\/\",\"name\":\"Cl\u00faster da Pizarra de Galicia\",\"description\":\"Los objetivos del Cl\u00faster da Pizarra buscan la promoci\u00f3n de la pizarra gallega en el mercado actual, respondiendo a las nuevas necesidades del sector.\",\"publisher\":{\"@id\":\"https:\\\/\\\/clusterdapizarra.com\\\/#organization\"},\"potentialAction\":[{\"@type\":\"SearchAction\",\"target\":{\"@type\":\"EntryPoint\",\"urlTemplate\":\"https:\\\/\\\/clusterdapizarra.com\\\/?s={search_term_string}\"},\"query-input\":{\"@type\":\"PropertyValueSpecification\",\"valueRequired\":true,\"valueName\":\"search_term_string\"}}],\"inLanguage\":\"gl-ES\"},{\"@type\":\"Organization\",\"@id\":\"https:\\\/\\\/clusterdapizarra.com\\\/#organization\",\"name\":\"Cl\u00faster da Pizarra de Galicia\",\"url\":\"https:\\\/\\\/clusterdapizarra.com\\\/\",\"logo\":{\"@type\":\"ImageObject\",\"inLanguage\":\"gl-ES\",\"@id\":\"https:\\\/\\\/clusterdapizarra.com\\\/#\\\/schema\\\/logo\\\/image\\\/\",\"url\":\"https:\\\/\\\/clusterdapizarra.com\\\/wp-content\\\/uploads\\\/2024\\\/10\\\/logo@2x.png\",\"contentUrl\":\"https:\\\/\\\/clusterdapizarra.com\\\/wp-content\\\/uploads\\\/2024\\\/10\\\/logo@2x.png\",\"width\":430,\"height\":134,\"caption\":\"Cl\u00faster da Pizarra de Galicia\"},\"image\":{\"@id\":\"https:\\\/\\\/clusterdapizarra.com\\\/#\\\/schema\\\/logo\\\/image\\\/\"},\"sameAs\":[\"https:\\\/\\\/www.facebook.com\\\/clusterdapizarra\",\"https:\\\/\\\/x.com\\\/clusterpizarra\",\"https:\\\/\\\/www.linkedin.com\\\/company\\\/clster-de-la-pizarra-de-galicia\\\/\"]},{\"@type\":\"Person\",\"@id\":\"https:\\\/\\\/clusterdapizarra.com\\\/#\\\/schema\\\/person\\\/f432a38e07c8e252cf1e58485368c916\",\"name\":\"jorgeisla\",\"image\":{\"@type\":\"ImageObject\",\"inLanguage\":\"gl-ES\",\"@id\":\"https:\\\/\\\/clusterdapizarra.com\\\/wp-content\\\/litespeed\\\/avatar\\\/00e462c0b66b890b8a7cf9dd94a6ca50.jpg?ver=1777152469\",\"url\":\"https:\\\/\\\/clusterdapizarra.com\\\/wp-content\\\/litespeed\\\/avatar\\\/00e462c0b66b890b8a7cf9dd94a6ca50.jpg?ver=1777152469\",\"contentUrl\":\"https:\\\/\\\/clusterdapizarra.com\\\/wp-content\\\/litespeed\\\/avatar\\\/00e462c0b66b890b8a7cf9dd94a6ca50.jpg?ver=1777152469\",\"caption\":\"jorgeisla\"}}]}<\/script>\n<!-- \/ Yoast SEO plugin. -->","yoast_head_json":{"title":"Radio Nacional de Espa\u00f1a entrevistou ao presidente do Cl\u00faster da Pizarra de Galicia","robots":{"index":"index","follow":"follow","max-snippet":"max-snippet:-1","max-image-preview":"max-image-preview:large","max-video-preview":"max-video-preview:-1"},"canonical":"https:\/\/clusterdapizarra.com\/gl\/radio-nacional-de-espana-entrevistou-ao-presidente-do-cluster-da-pizarra-de-galicia\/","og_locale":"gl_ES","og_type":"article","og_title":"Radio Nacional de Espa\u00f1a entrevistou ao presidente do Cl\u00faster da Pizarra de Galicia","og_description":"A emisora Radio Nacional de Espa\u00f1a informou esta semana sobre as consecuencias que est\u00e1 tendo o conflicto de Oriente Pr\u00f3ximo no sector da pizarra. Para co\u00f1ecer m\u00e1is detalles sobre a crisis que est\u00e1 afectando \u00e1s empresas asociadas, entrevistaron ao presidente do\u00a0Cl\u00faster da Pizarra de Galicia, Eliseo L\u00f3pez. Podes escoitar a nova \u00edntegra no seguinte enlace:","og_url":"https:\/\/clusterdapizarra.com\/gl\/radio-nacional-de-espana-entrevistou-ao-presidente-do-cluster-da-pizarra-de-galicia\/","og_site_name":"Cluster da Pizarra de Galicia","article_publisher":"https:\/\/www.facebook.com\/clusterdapizarra","article_published_time":"2026-04-30T06:34:11+00:00","article_modified_time":"2026-04-30T07:01:12+00:00","og_image":[{"width":900,"height":600,"url":"https:\/\/clusterdapizarra.com\/wp-content\/uploads\/2026\/04\/RNE.jpeg","type":"image\/jpeg"}],"author":"jorgeisla","twitter_card":"summary_large_image","twitter_creator":"@clusterpizarra","twitter_site":"@clusterpizarra","schema":{"@context":"https:\/\/schema.org","@graph":[{"@type":"Article","@id":"https:\/\/clusterdapizarra.com\/gl\/radio-nacional-de-espana-entrevistou-ao-presidente-do-cluster-da-pizarra-de-galicia\/#article","isPartOf":{"@id":"https:\/\/clusterdapizarra.com\/gl\/radio-nacional-de-espana-entrevistou-ao-presidente-do-cluster-da-pizarra-de-galicia\/"},"author":{"name":"jorgeisla","@id":"https:\/\/clusterdapizarra.com\/#\/schema\/person\/f432a38e07c8e252cf1e58485368c916"},"headline":"Radio Nacional de Espa\u00f1a entrevistou ao presidente do Cl\u00faster da Pizarra de Galicia","datePublished":"2026-04-30T06:34:11+00:00","dateModified":"2026-04-30T07:01:12+00:00","mainEntityOfPage":{"@id":"https:\/\/clusterdapizarra.com\/gl\/radio-nacional-de-espana-entrevistou-ao-presidente-do-cluster-da-pizarra-de-galicia\/"},"wordCount":87,"publisher":{"@id":"https:\/\/clusterdapizarra.com\/#organization"},"image":{"@id":"https:\/\/clusterdapizarra.com\/gl\/radio-nacional-de-espana-entrevistou-ao-presidente-do-cluster-da-pizarra-de-galicia\/#primaryimage"},"thumbnailUrl":"https:\/\/clusterdapizarra.com\/wp-content\/uploads\/2026\/04\/RNE.jpeg","articleSection":["Novas"],"inLanguage":"gl-ES"},{"@type":"WebPage","@id":"https:\/\/clusterdapizarra.com\/gl\/radio-nacional-de-espana-entrevistou-ao-presidente-do-cluster-da-pizarra-de-galicia\/","url":"https:\/\/clusterdapizarra.com\/gl\/radio-nacional-de-espana-entrevistou-ao-presidente-do-cluster-da-pizarra-de-galicia\/","name":"Radio Nacional de Espa\u00f1a entrevistou ao presidente do Cl\u00faster da Pizarra de Galicia","isPartOf":{"@id":"https:\/\/clusterdapizarra.com\/#website"},"primaryImageOfPage":{"@id":"https:\/\/clusterdapizarra.com\/gl\/radio-nacional-de-espana-entrevistou-ao-presidente-do-cluster-da-pizarra-de-galicia\/#primaryimage"},"image":{"@id":"https:\/\/clusterdapizarra.com\/gl\/radio-nacional-de-espana-entrevistou-ao-presidente-do-cluster-da-pizarra-de-galicia\/#primaryimage"},"thumbnailUrl":"https:\/\/clusterdapizarra.com\/wp-content\/uploads\/2026\/04\/RNE.jpeg","datePublished":"2026-04-30T06:34:11+00:00","dateModified":"2026-04-30T07:01:12+00:00","breadcrumb":{"@id":"https:\/\/clusterdapizarra.com\/gl\/radio-nacional-de-espana-entrevistou-ao-presidente-do-cluster-da-pizarra-de-galicia\/#breadcrumb"},"inLanguage":"gl-ES","potentialAction":[{"@type":"ReadAction","target":["https:\/\/clusterdapizarra.com\/gl\/radio-nacional-de-espana-entrevistou-ao-presidente-do-cluster-da-pizarra-de-galicia\/"]}]},{"@type":"ImageObject","inLanguage":"gl-ES","@id":"https:\/\/clusterdapizarra.com\/gl\/radio-nacional-de-espana-entrevistou-ao-presidente-do-cluster-da-pizarra-de-galicia\/#primaryimage","url":"https:\/\/clusterdapizarra.com\/wp-content\/uploads\/2026\/04\/RNE.jpeg","contentUrl":"https:\/\/clusterdapizarra.com\/wp-content\/uploads\/2026\/04\/RNE.jpeg","width":900,"height":600},{"@type":"BreadcrumbList","@id":"https:\/\/clusterdapizarra.com\/gl\/radio-nacional-de-espana-entrevistou-ao-presidente-do-cluster-da-pizarra-de-galicia\/#breadcrumb","itemListElement":[{"@type":"ListItem","position":1,"name":"Portada","item":"https:\/\/clusterdapizarra.com\/gl\/"},{"@type":"ListItem","position":2,"name":"Radio Nacional de Espa\u00f1a entrevistou ao presidente do Cl\u00faster da Pizarra de Galicia"}]},{"@type":"WebSite","@id":"https:\/\/clusterdapizarra.com\/#website","url":"https:\/\/clusterdapizarra.com\/","name":"Cl\u00faster da Pizarra de Galicia","description":"Los objetivos del Cl\u00faster da Pizarra buscan la promoci\u00f3n de la pizarra gallega en el mercado actual, respondiendo a las nuevas necesidades del sector.","publisher":{"@id":"https:\/\/clusterdapizarra.com\/#organization"},"potentialAction":[{"@type":"SearchAction","target":{"@type":"EntryPoint","urlTemplate":"https:\/\/clusterdapizarra.com\/?s={search_term_string}"},"query-input":{"@type":"PropertyValueSpecification","valueRequired":true,"valueName":"search_term_string"}}],"inLanguage":"gl-ES"},{"@type":"Organization","@id":"https:\/\/clusterdapizarra.com\/#organization","name":"Cl\u00faster da Pizarra de Galicia","url":"https:\/\/clusterdapizarra.com\/","logo":{"@type":"ImageObject","inLanguage":"gl-ES","@id":"https:\/\/clusterdapizarra.com\/#\/schema\/logo\/image\/","url":"https:\/\/clusterdapizarra.com\/wp-content\/uploads\/2024\/10\/logo@2x.png","contentUrl":"https:\/\/clusterdapizarra.com\/wp-content\/uploads\/2024\/10\/logo@2x.png","width":430,"height":134,"caption":"Cl\u00faster da Pizarra de Galicia"},"image":{"@id":"https:\/\/clusterdapizarra.com\/#\/schema\/logo\/image\/"},"sameAs":["https:\/\/www.facebook.com\/clusterdapizarra","https:\/\/x.com\/clusterpizarra","https:\/\/www.linkedin.com\/company\/clster-de-la-pizarra-de-galicia\/"]},{"@type":"Person","@id":"https:\/\/clusterdapizarra.com\/#\/schema\/person\/f432a38e07c8e252cf1e58485368c916","name":"jorgeisla","image":{"@type":"ImageObject","inLanguage":"gl-ES","@id":"https:\/\/clusterdapizarra.com\/wp-content\/litespeed\/avatar\/00e462c0b66b890b8a7cf9dd94a6ca50.jpg?ver=1777152469","url":"https:\/\/clusterdapizarra.com\/wp-content\/litespeed\/avatar\/00e462c0b66b890b8a7cf9dd94a6ca50.jpg?ver=1777152469","contentUrl":"https:\/\/clusterdapizarra.com\/wp-content\/litespeed\/avatar\/00e462c0b66b890b8a7cf9dd94a6ca50.jpg?ver=1777152469","caption":"jorgeisla"}}]}},"_links":{"self":[{"href":"https:\/\/clusterdapizarra.com\/gl\/wp-json\/wp\/v2\/posts\/9069","targetHints":{"allow":["GET"]}}],"collection":[{"href":"https:\/\/clusterdapizarra.com\/gl\/wp-json\/wp\/v2\/posts"}],"about":[{"href":"https:\/\/clusterdapizarra.com\/gl\/wp-json\/wp\/v2\/types\/post"}],"author":[{"embeddable":true,"href":"https:\/\/clusterdapizarra.com\/gl\/wp-json\/wp\/v2\/users\/2"}],"replies":[{"embeddable":true,"href":"https:\/\/clusterdapizarra.com\/gl\/wp-json\/wp\/v2\/comments?post=9069"}],"version-history":[{"count":0,"href":"https:\/\/clusterdapizarra.com\/gl\/wp-json\/wp\/v2\/posts\/9069\/revisions"}],"wp:featuredmedia":[{"embeddable":true,"href":"https:\/\/clusterdapizarra.com\/gl\/wp-json\/wp\/v2\/media\/9064"}],"wp:attachment":[{"href":"https:\/\/clusterdapizarra.com\/gl\/wp-json\/wp\/v2\/media?parent=9069"}],"wp:term":[{"taxonomy":"category","embeddable":true,"href":"https:\/\/clusterdapizarra.com\/gl\/wp-json\/wp\/v2\/categories?post=9069"},{"taxonomy":"post_tag","embeddable":true,"href":"https:\/\/clusterdapizarra.com\/gl\/wp-json\/wp\/v2\/tags?post=9069"}],"curies":[{"name":"wp","href":"https:\/\/api.w.org\/{rel}","templated":true}]}}